{"id":3376,"date":"2018-06-04T12:44:22","date_gmt":"2018-06-04T11:44:22","guid":{"rendered":"http:\/\/saintoma.com\/?p=3376"},"modified":"2019-11-27T19:53:27","modified_gmt":"2019-11-27T18:53:27","slug":"3376","status":"publish","type":"post","link":"https:\/\/saintoma.com\/index.php\/2018\/06\/04\/3376\/","title":{"rendered":"Cycles Crois\u00e9s"},"content":{"rendered":"<p style=\"text-align: center;\">\nDu 7 au 16 juin 2018<\/p>\n<p style=\"text-align: center;\">._________________________________________________<\/p>\n<p style=\"text-align: center;\">\u25cf VERNISSAGE : jeudi 7 juin \u00e0 partir de 18h<br \/>\n\u25cbPortes ouvertes du 6b : samedi 9 juin<br \/>\n\u25cf Soir\u00e9e performance et projection : jeudi 14 juin<br \/>\n\u25cb Journ\u00e9e d&rsquo;\u00e9tude : samedi 16 juin<\/p>\n<p style=\"text-align: center;\">______________________________________________________<\/p>\n<p style=\"text-align: center;\"><img data-recalc-dims=\"1\" loading=\"lazy\" decoding=\"async\" class=\"aligncenter wp-image-3377\" src=\"https:\/\/i0.wp.com\/saintoma.com\/wp-content\/uploads\/2018\/06\/DSC_0255.jpg?resize=513%2C374&#038;ssl=1\" alt=\"\" width=\"513\" height=\"374\" srcset=\"https:\/\/i0.wp.com\/saintoma.com\/wp-content\/uploads\/2018\/06\/DSC_0255.jpg?resize=768%2C560&amp;ssl=1 768w, https:\/\/i0.wp.com\/saintoma.com\/wp-content\/uploads\/2018\/06\/DSC_0255.jpg?resize=300%2C219&amp;ssl=1 300w, https:\/\/i0.wp.com\/saintoma.com\/wp-content\/uploads\/2018\/06\/DSC_0255.jpg?resize=1024%2C747&amp;ssl=1 1024w, https:\/\/i0.wp.com\/saintoma.com\/wp-content\/uploads\/2018\/06\/DSC_0255.jpg?w=1520&amp;ssl=1 1520w, https:\/\/i0.wp.com\/saintoma.com\/wp-content\/uploads\/2018\/06\/DSC_0255.jpg?w=2280&amp;ssl=1 2280w\" sizes=\"auto, (max-width: 513px) 100vw, 513px\" \/><\/p>\n<p style=\"text-align: center;\">Exposition d\u2019art contemporain<br \/>\nRegards m\u00eal\u00e9s sur les r\u00e9emplois et le vivant<\/p>\n<p style=\"text-align: center;\">Des artistes du 6b et de l\u2019OpenBach ont \u00e9t\u00e9 s\u00e9lectionn\u00e9s pour suivre une r\u00e9sidence d\u2019ateliers, de prototypage et de cr\u00e9ation sur les th\u00e8mes \u201cr\u00e9emplois et vivant\u201d : au coeur du projet, le d\u00e9sir d\u2019\u00e9changer, croiser et explorer ensemble des techniques ou des probl\u00e9matiques de cr\u00e9ation en art contemporain, et dans des domaines limitrophes entre art et soci\u00e9t\u00e9.<br \/>\nPour l&rsquo;exposition de cl\u00f4ture de cette r\u00e9sidence, les artistes ont souhait\u00e9 inviter d&rsquo;autres cr\u00e9ateurs dont le travail fait \u00e9cho \u00e0 leurs questionnements.<\/p>\n<p style=\"text-align: center;\">Du r\u00e9emploi de mat\u00e9riaux ou de la valorisation esth\u00e9tique du p\u00e9rissable, la repr\u00e9sentation du vivant nourrit toutes les formes plastiques contemporaines et classiques : peinture, c\u00e9ramique, animation, vid\u00e9o, installation, photographie ou dessin.<\/p>\n<p style=\"text-align: center;\">Le 6b 6\/10 quai de Seine, 93200 Saint-Denis, Ile-De-France, France<\/p>\n<table class=\"uiGrid _51mz\" style=\"height: 68px;\" width=\"223\" cellspacing=\"0\" cellpadding=\"0\">\n<tbody>\n<tr class=\"_51mx\">\n<td class=\"_51m- _phw\"><\/td>\n<td class=\"_51m- _51mw\"><\/td>\n<\/tr>\n<\/tbody>\n<\/table>\n","protected":false},"excerpt":{"rendered":"<p>Du 7 au 16 juin 2018 ._________________________________________________ \u25cf VERNISSAGE : jeudi 7 juin \u00e0 partir de 18h \u25cbPortes ouvertes du 6b : samedi 9 juin \u25cf Soir\u00e9e performance et projection : jeudi 14 juin \u25cb Journ\u00e9e d&rsquo;\u00e9tude : samedi 16 juin ______________________________________________________ Exposition d\u2019art contemporain Regards m\u00eal\u00e9s sur les r\u00e9emplois et le vivant Des artistes<\/p>\n<p class=\"more-link-wrapper\"><a href=\"https:\/\/saintoma.com\/index.php\/2018\/06\/04\/3376\/\" class=\"more-link\">Continue Reading<span class=\"screen-reader-text\"> \u00ab\u00a0Cycles Crois\u00e9s\u00a0\u00bb<\/span><\/a><\/p>\n","protected":false},"author":1,"featured_media":2456,"comment_status":"closed","ping_status":"closed","sticky":false,"template":"","format":"standard","meta":{"jetpack_post_was_ever_published":false,"_jetpack_newsletter_access":"","_jetpack_dont_email_post_to_subs":false,"_jetpack_newsletter_tier_id":0,"_jetpack_memberships_contains_paywalled_content":false,"_jetpack_memberships_contains_paid_content":false,"footnotes":"","jetpack_publicize_message":"","jetpack_publicize_feature_enabled":true,"jetpack_social_post_already_shared":true,"jetpack_social_options":{"image_generator_settings":{"template":"highway","default_image_id":0,"font":"","enabled":false},"version":2}},"categories":[49],"tags":[],"class_list":["post-3376","post","type-post","status-publish","format-standard","has-post-thumbnail","hentry","category-expositions"],"jetpack_publicize_connections":[],"jetpack_featured_media_url":"https:\/\/i0.wp.com\/saintoma.com\/wp-content\/uploads\/2017\/11\/Sans-titre-1.jpg?fit=3506%2C4514&ssl=1","jetpack_sharing_enabled":true,"jetpack_shortlink":"https:\/\/wp.me\/s3QxEG-3376","_links":{"self":[{"href":"https:\/\/saintoma.com\/index.php\/wp-json\/wp\/v2\/posts\/3376","targetHints":{"allow":["GET"]}}],"collection":[{"href":"https:\/\/saintoma.com\/index.php\/wp-json\/wp\/v2\/posts"}],"about":[{"href":"https:\/\/saintoma.com\/index.php\/wp-json\/wp\/v2\/types\/post"}],"author":[{"embeddable":true,"href":"https:\/\/saintoma.com\/index.php\/wp-json\/wp\/v2\/users\/1"}],"replies":[{"embeddable":true,"href":"https:\/\/saintoma.com\/index.php\/wp-json\/wp\/v2\/comments?post=3376"}],"version-history":[{"count":6,"href":"https:\/\/saintoma.com\/index.php\/wp-json\/wp\/v2\/posts\/3376\/revisions"}],"predecessor-version":[{"id":5558,"href":"https:\/\/saintoma.com\/index.php\/wp-json\/wp\/v2\/posts\/3376\/revisions\/5558"}],"wp:featuredmedia":[{"embeddable":true,"href":"https:\/\/saintoma.com\/index.php\/wp-json\/wp\/v2\/media\/2456"}],"wp:attachment":[{"href":"https:\/\/saintoma.com\/index.php\/wp-json\/wp\/v2\/media?parent=3376"}],"wp:term":[{"taxonomy":"category","embeddable":true,"href":"https:\/\/saintoma.com\/index.php\/wp-json\/wp\/v2\/categories?post=3376"},{"taxonomy":"post_tag","embeddable":true,"href":"https:\/\/saintoma.com\/index.php\/wp-json\/wp\/v2\/tags?post=3376"}],"curies":[{"name":"wp","href":"https:\/\/api.w.org\/{rel}","templated":true}]}}